{"id":1986,"date":"2026-09-02T19:21:31","date_gmt":"2026-09-02T19:21:31","guid":{"rendered":"https:\/\/portalm1noticias.com.br\/?p=1986"},"modified":"2026-09-02T19:21:31","modified_gmt":"2026-09-02T19:21:31","slug":"prefeitura-de-timon-retoma-obra-de-pavimentacao-e-drenagem-na-proxima-semana-no-parque-alianca","status":"publish","type":"post","link":"https:\/\/portalm1noticias.com.br\/index.php\/2026\/09\/02\/prefeitura-de-timon-retoma-obra-de-pavimentacao-e-drenagem-na-proxima-semana-no-parque-alianca\/","title":{"rendered":"Prefeitura de Timon retoma obra de pavimenta\u00e7\u00e3o e drenagem na pr\u00f3xima semana no Parque Alian\u00e7a"},"content":{"rendered":"<h2 class=\"subtitle\">Projeto prev\u00ea melhorias em cerca de 14 ruas e canaliza\u00e7\u00e3o do Grot\u00e3o; prefeito Rafael Brito acompanhou situa\u00e7\u00e3o do bairro e determinou retomada dos servi\u00e7os<\/h2>\n<div id=\"attachment_1987\" style=\"width: 1034px\" class=\"wp-caption alignnone\"><img data-recalc-dims=\"1\" loading=\"lazy\" decoding=\"async\" aria-describedby=\"caption-attachment-1987\" class=\"wp-image-1987 size-large\" src=\"https:\/\/i0.wp.com\/portalm1noticias.com.br\/wp-content\/uploads\/2026\/09\/timon.webp?resize=1024%2C683&#038;ssl=1\" alt=\"\" width=\"1024\" height=\"683\" srcset=\"https:\/\/i0.wp.com\/portalm1noticias.com.br\/wp-content\/uploads\/2026\/09\/timon.webp?resize=1024%2C683&amp;ssl=1 1024w, https:\/\/i0.wp.com\/portalm1noticias.com.br\/wp-content\/uploads\/2026\/09\/timon.webp?resize=300%2C200&amp;ssl=1 300w, https:\/\/i0.wp.com\/portalm1noticias.com.br\/wp-content\/uploads\/2026\/09\/timon.webp?resize=768%2C512&amp;ssl=1 768w, https:\/\/i0.wp.com\/portalm1noticias.com.br\/wp-content\/uploads\/2026\/09\/timon.webp?resize=430%2C286&amp;ssl=1 430w, https:\/\/i0.wp.com\/portalm1noticias.com.br\/wp-content\/uploads\/2026\/09\/timon.webp?resize=1140%2C760&amp;ssl=1 1140w, https:\/\/i0.wp.com\/portalm1noticias.com.br\/wp-content\/uploads\/2026\/09\/timon.webp?w=1200&amp;ssl=1 1200w\" sizes=\"auto, (max-width: 1000px) 100vw, 1000px\" \/><p id=\"caption-attachment-1987\" class=\"wp-caption-text\">O prefeito ainda destacou que a interven\u00e7\u00e3o ser\u00e1 acompanhada por outras a\u00e7\u00f5es no Parque Alian\u00e7a<\/p><\/div>\n<p>A retomada foi definida ap\u00f3s a gest\u00e3o municipal conseguir destravar o conv\u00eanio federal respons\u00e1vel pela execu\u00e7\u00e3o dos servi\u00e7os. A obra estava paralisada por quest\u00f5es t\u00e9cnicas e precisou passar por ajustes no projeto junto \u00e0 Companhia de Desenvolvimento dos Vales do S\u00e3o Francisco e do Parna\u00edba (Codevasf). Superada essa etapa, a Prefeitura prepara agora o rein\u00edcio dos trabalhos.<\/p>\n<p>Na manh\u00e3 desta quarta-feira (2), o prefeito Rafael Brito esteve no Parque Alian\u00e7a acompanhado da equipe t\u00e9cnica para verificar pessoalmente as condi\u00e7\u00f5es das ruas e definir as prioridades da obra. Durante a vistoria, foram identificados pontos de drenagem que n\u00e3o estavam contemplados no projeto original e que precisam ser solucionados para evitar que o escoamento inadequado da \u00e1gua comprometa a nova pavimenta\u00e7\u00e3o.<\/p>\n<p>A determina\u00e7\u00e3o do prefeito \u00e9 que os servi\u00e7os avancem de forma integrada. As primeiras frentes dever\u00e3o atuar na limpeza e nas ruas onde a pavimenta\u00e7\u00e3o pode come\u00e7ar sem depender de obras pr\u00e9vias de drenagem. Paralelamente, a Prefeitura vai trabalhar nas solu\u00e7\u00f5es necess\u00e1rias para os trechos onde ser\u00e1 preciso executar canaliza\u00e7\u00f5es.<\/p>\n<p><em>\u201cN\u00e3o h\u00e1 como trazer pavimenta\u00e7\u00e3o e cal\u00e7amento para o bairro sem resolver primeiro o problema da drenagem. Esse \u00e9 o grande gargalo aqui, pelos alagamentos e pelos preju\u00edzos que causam aos moradores. A gente vai retomar as obras e, na medida em que for fazendo a pavimenta\u00e7\u00e3o, tamb\u00e9m vai atuar em algumas frentes de drenagem para que a infraestrutura tenha funcionalidade e durabilidade\u201d<\/em>, afirmou Rafael Brito.<\/p>\n<p>O prefeito ainda destacou que a interven\u00e7\u00e3o ser\u00e1 acompanhada por outras a\u00e7\u00f5es no Parque Alian\u00e7a, como o refor\u00e7o da ilumina\u00e7\u00e3o p\u00fablica e servi\u00e7os de limpeza e capina das ruas, medidas que devem melhorar as condi\u00e7\u00f5es de circula\u00e7\u00e3o e seguran\u00e7a dos moradores.<\/p>\n<p><img data-recalc-dims=\"1\" loading=\"lazy\" decoding=\"async\" class=\"alignnone wp-image-1988 size-large\" src=\"https:\/\/i0.wp.com\/portalm1noticias.com.br\/wp-content\/uploads\/2026\/09\/timom-aero.jpg?resize=1024%2C576&#038;ssl=1\" alt=\"\" width=\"1024\" height=\"576\" srcset=\"https:\/\/i0.wp.com\/portalm1noticias.com.br\/wp-content\/uploads\/2026\/09\/timom-aero-scaled.jpg?resize=1024%2C576&amp;ssl=1 1024w, https:\/\/i0.wp.com\/portalm1noticias.com.br\/wp-content\/uploads\/2026\/09\/timom-aero-scaled.jpg?resize=300%2C169&amp;ssl=1 300w, https:\/\/i0.wp.com\/portalm1noticias.com.br\/wp-content\/uploads\/2026\/09\/timom-aero-scaled.jpg?resize=768%2C432&amp;ssl=1 768w, https:\/\/i0.wp.com\/portalm1noticias.com.br\/wp-content\/uploads\/2026\/09\/timom-aero-scaled.jpg?resize=1536%2C864&amp;ssl=1 1536w, https:\/\/i0.wp.com\/portalm1noticias.com.br\/wp-content\/uploads\/2026\/09\/timom-aero-scaled.jpg?resize=2048%2C1152&amp;ssl=1 2048w, https:\/\/i0.wp.com\/portalm1noticias.com.br\/wp-content\/uploads\/2026\/09\/timom-aero-scaled.jpg?resize=1140%2C641&amp;ssl=1 1140w\" sizes=\"auto, (max-width: 1000px) 100vw, 1000px\" \/><\/p>\n<p><strong>Obra busca solu\u00e7\u00e3o mais duradoura<\/strong><\/p>\n<p>A estrat\u00e9gia adotada pela Prefeitura busca evitar que a interven\u00e7\u00e3o se limite \u00e0 coloca\u00e7\u00e3o do pavimento. A drenagem adequada \u00e9 fundamental para conduzir a \u00e1gua das chuvas e reduzir o ac\u00famulo nas vias, contribuindo tamb\u00e9m para preservar a estrutura das ruas ao longo do tempo.<\/p>\n<p>Segundo o secret\u00e1rio municipal de Obras e Infraestrutura, Marcel Almeida, a vistoria t\u00e9cnica permitiu identificar situa\u00e7\u00f5es que precisam ser corrigidas durante a execu\u00e7\u00e3o do projeto.<em>\u00a0\u201cForam verificadas algumas falhas de drenagem, e estamos fazendo essa visita justamente para alinhar a execu\u00e7\u00e3o da obra\u201d<\/em>, explicou.<\/p>\n<p>Com esse diagn\u00f3stico, a Prefeitura pretende adequar as etapas de execu\u00e7\u00e3o \u00e0s necessidades encontradas em cada trecho. Onde n\u00e3o houver necessidade de interven\u00e7\u00f5es adicionais de drenagem, a pavimenta\u00e7\u00e3o poder\u00e1 avan\u00e7ar primeiro. Nos pontos mais cr\u00edticos, a prioridade ser\u00e1 preparar o sistema de escoamento para que a nova infraestrutura n\u00e3o seja prejudicada pelas chuvas.<\/p>\n<p><strong>Reivindica\u00e7\u00e3o antiga dos moradores<\/strong><\/p>\n<p>Al\u00e9m de melhorar a mobilidade e as condi\u00e7\u00f5es de acesso \u00e0s resid\u00eancias, a retomada da obra atende a uma demanda apresentada pelos pr\u00f3prios moradores do Parque Alian\u00e7a. A presidente da Associa\u00e7\u00e3o de Moradores, Jos\u00e9lia Trindade, relatou que a comunidade procurou a Prefeitura para apresentar as principais dificuldades enfrentadas no bairro.<\/p>\n<p>Para ela, as melhorias representam mais qualidade de vida e melhores condi\u00e7\u00f5es de acesso aos servi\u00e7os p\u00fablicos.\u00a0<em>\u201cA gente j\u00e1 foi um bairro que n\u00e3o tinha acesso nem de entregador de g\u00e1s, nem Samu, nem pol\u00edcia. Hoje a gente vem evoluindo e quer progredir mais ainda, para que nossas crian\u00e7as possam brincar em paz\u201d<\/em>, afirmou.<\/p>\n","protected":false},"excerpt":{"rendered":"<p>Projeto prev\u00ea melhorias em cerca de 14 ruas e canaliza\u00e7\u00e3o do Grot\u00e3o; prefeito Rafael Brito acompanhou situa\u00e7\u00e3o do bairro e&#8230; [ <a class=\"read-more\" href=\"https:\/\/portalm1noticias.com.br\/index.php\/2026\/09\/02\/prefeitura-de-timon-retoma-obra-de-pavimentacao-e-drenagem-na-proxima-semana-no-parque-alianca\/\">&#8230;<\/a> ] <\/p>\n","protected":false},"author":1,"featured_media":1987,"comment_status":"open","ping_status":"open","sticky":false,"template":"","format":"standard","meta":{"_tp_tag":"","advanced_seo_description":"","jetpack_seo_html_title":"","jetpack_seo_noindex":false,"jetpack_post_was_ever_published":false,"_jetpack_newsletter_access":"","_jetpack_dont_email_post_to_subs":false,"_jetpack_newsletter_tier_id":0,"_jetpack_memberships_contains_paywalled_content":false,"_jetpack_memberships_contains_paid_content":false,"footnotes":""},"categories":[1],"tags":[],"class_list":["post-1986","post","type-post","status-publish","format-standard","has-post-thumbnail","hentry","category-geral"],"jetpack_featured_media_url":"https:\/\/i0.wp.com\/portalm1noticias.com.br\/wp-content\/uploads\/2026\/09\/timon.webp?fit=1200%2C800&ssl=1","jetpack-related-posts":[],"jetpack_sharing_enabled":true,"jetpack_shortlink":"https:\/\/wp.me\/pf4mtm-w2","_links":{"self":[{"href":"https:\/\/portalm1noticias.com.br\/index.php\/wp-json\/wp\/v2\/posts\/1986","targetHints":{"allow":["GET"]}}],"collection":[{"href":"https:\/\/portalm1noticias.com.br\/index.php\/wp-json\/wp\/v2\/posts"}],"about":[{"href":"https:\/\/portalm1noticias.com.br\/index.php\/wp-json\/wp\/v2\/types\/post"}],"author":[{"embeddable":true,"href":"https:\/\/portalm1noticias.com.br\/index.php\/wp-json\/wp\/v2\/users\/1"}],"replies":[{"embeddable":true,"href":"https:\/\/portalm1noticias.com.br\/index.php\/wp-json\/wp\/v2\/comments?post=1986"}],"version-history":[{"count":1,"href":"https:\/\/portalm1noticias.com.br\/index.php\/wp-json\/wp\/v2\/posts\/1986\/revisions"}],"predecessor-version":[{"id":1989,"href":"https:\/\/portalm1noticias.com.br\/index.php\/wp-json\/wp\/v2\/posts\/1986\/revisions\/1989"}],"wp:featuredmedia":[{"embeddable":true,"href":"https:\/\/portalm1noticias.com.br\/index.php\/wp-json\/wp\/v2\/media\/1987"}],"wp:attachment":[{"href":"https:\/\/portalm1noticias.com.br\/index.php\/wp-json\/wp\/v2\/media?parent=1986"}],"wp:term":[{"taxonomy":"category","embeddable":true,"href":"https:\/\/portalm1noticias.com.br\/index.php\/wp-json\/wp\/v2\/categories?post=1986"},{"taxonomy":"post_tag","embeddable":true,"href":"https:\/\/portalm1noticias.com.br\/index.php\/wp-json\/wp\/v2\/tags?post=1986"}],"curies":[{"name":"wp","href":"https:\/\/api.w.org\/{rel}","templated":true}]}}