{"id":1983,"date":"2026-09-02T19:06:40","date_gmt":"2026-09-02T19:06:40","guid":{"rendered":"https:\/\/portalm1noticias.com.br\/?p=1983"},"modified":"2026-09-02T19:06:40","modified_gmt":"2026-09-02T19:06:40","slug":"dra-gisele-intensifica-dialogo-com-moradores-durante-agenda-no-conjunto-lourival-almeida-em-timon","status":"publish","type":"post","link":"https:\/\/portalm1noticias.com.br\/index.php\/2026\/09\/02\/dra-gisele-intensifica-dialogo-com-moradores-durante-agenda-no-conjunto-lourival-almeida-em-timon\/","title":{"rendered":"Dra. Gisele intensifica di\u00e1logo com moradores durante agenda no Conjunto Lourival Almeida, em Timon"},"content":{"rendered":"<p>A candidata a Deputada Federal Dra. Gisele intensificou sua agenda de aproxima\u00e7\u00e3o com a popula\u00e7\u00e3o de Timon durante visita ao Conjunto Lourival Almeida. A atividade reuniu moradores, apoiadores, lideran\u00e7as comunit\u00e1rias e fam\u00edlias da regi\u00e3o, em um momento marcado pelo di\u00e1logo direto e pela apresenta\u00e7\u00e3o de propostas.<\/p>\n<p>A agenda foi articulada com o apoio de Amanda Pires Timon, Lidiane e Simone, que acompanharam a movimenta\u00e7\u00e3o junto \u00e0 comunidade. Durante a visita, Dra. Gisele conversou com moradores, ouviu reivindica\u00e7\u00f5es e buscou conhecer de perto as principais necessidades apontadas pela popula\u00e7\u00e3o.<\/p>\n<p>A presen\u00e7a da candidata foi acompanhada por uma mobiliza\u00e7\u00e3o de apoiadores, que participaram da atividade levando bandeiras, cartazes e manifesta\u00e7\u00f5es de incentivo ao projeto pol\u00edtico. Crian\u00e7as, jovens e adultos tamb\u00e9m participaram dos registros realizados durante o encontro.<\/p>\n<p>Propostas a partir das demandas da popula\u00e7\u00e3o<\/p>\n<p>Segundo Dra. Gisele, o contato direto com os moradores \u00e9 fundamental para compreender a realidade das comunidades e construir propostas que estejam alinhadas \u00e0s necessidades da popula\u00e7\u00e3o.<\/p>\n<p>Ela destacou que a visita ao Lourival Almeida permitiu ouvir as demandas dos moradores e apresentar as propostas que pretende levar para Timon e para todo o Maranh\u00e3o.<\/p>\n<p>\u201cTive a oportunidade de conversar de perto com os moradores, ouvir suas demandas e apresentar as propostas que quero levar para Timon e para todo o Maranh\u00e3o\u201d, afirmou.<\/p>\n<p>A candidata tamb\u00e9m agradeceu as manifesta\u00e7\u00f5es de apoio recebidas durante a agenda e ressaltou a confian\u00e7a demonstrada pelos moradores.<\/p>\n<p>\u201cFico muito feliz com cada palavra de apoio e com a confian\u00e7a de voc\u00eas no nosso projeto. Seguimos juntos, ouvindo o povo e construindo um futuro melhor!\u201d, declarou.<\/p>\n<p>Mobiliza\u00e7\u00e3o em Timon<\/p>\n<p>A passagem pelo Conjunto Lourival Almeida faz parte de uma estrat\u00e9gia de aproxima\u00e7\u00e3o de Dra. Gisele com diferentes comunidades, priorizando o contato presencial e a escuta da popula\u00e7\u00e3o.<\/p>\n<p>O encontro tamb\u00e9m demonstrou a capacidade de mobiliza\u00e7\u00e3o dos apoiadores na regi\u00e3o. A movimenta\u00e7\u00e3o pelas ruas terminou com registros coletivos ao lado dos moradores, em um ambiente de entusiasmo e manifesta\u00e7\u00f5es de apoio \u00e0 candidata.<\/p>\n<p>Para Dra. Gisele, o di\u00e1logo com a popula\u00e7\u00e3o deve ser um dos pilares da constru\u00e7\u00e3o de um projeto pol\u00edtico voltado para Timon e para o Maranh\u00e3o.<\/p>\n<p>A agenda no Lourival Almeida refor\u00e7a, portanto, o movimento de escuta das comunidades, apresenta\u00e7\u00e3o de propostas e fortalecimento da presen\u00e7a pol\u00edtica de Dra. Gisele em Timon, aproximando o projeto das demandas reais dos moradores<\/p>\n","protected":false},"excerpt":{"rendered":"<p>A candidata a Deputada Federal Dra. Gisele intensificou sua agenda de aproxima\u00e7\u00e3o com a popula\u00e7\u00e3o de Timon durante visita ao&#8230; [ <a class=\"read-more\" href=\"https:\/\/portalm1noticias.com.br\/index.php\/2026\/09\/02\/dra-gisele-intensifica-dialogo-com-moradores-durante-agenda-no-conjunto-lourival-almeida-em-timon\/\">&#8230;<\/a> ] <\/p>\n","protected":false},"author":1,"featured_media":1984,"comment_status":"open","ping_status":"open","sticky":false,"template":"","format":"standard","meta":{"_tp_tag":"","advanced_seo_description":"","jetpack_seo_html_title":"","jetpack_seo_noindex":false,"jetpack_post_was_ever_published":false,"_jetpack_newsletter_access":"","_jetpack_dont_email_post_to_subs":false,"_jetpack_newsletter_tier_id":0,"_jetpack_memberships_contains_paywalled_content":false,"_jetpack_memberships_contains_paid_content":false,"footnotes":""},"categories":[1],"tags":[],"class_list":["post-1983","post","type-post","status-publish","format-standard","has-post-thumbnail","hentry","category-geral"],"jetpack_featured_media_url":"https:\/\/i0.wp.com\/portalm1noticias.com.br\/wp-content\/uploads\/2026\/09\/WhatsApp-Image-2026-09-02-at-16.02.15.jpeg?fit=1290%2C439&ssl=1","jetpack-related-posts":[],"jetpack_sharing_enabled":true,"jetpack_shortlink":"https:\/\/wp.me\/pf4mtm-vZ","_links":{"self":[{"href":"https:\/\/portalm1noticias.com.br\/index.php\/wp-json\/wp\/v2\/posts\/1983","targetHints":{"allow":["GET"]}}],"collection":[{"href":"https:\/\/portalm1noticias.com.br\/index.php\/wp-json\/wp\/v2\/posts"}],"about":[{"href":"https:\/\/portalm1noticias.com.br\/index.php\/wp-json\/wp\/v2\/types\/post"}],"author":[{"embeddable":true,"href":"https:\/\/portalm1noticias.com.br\/index.php\/wp-json\/wp\/v2\/users\/1"}],"replies":[{"embeddable":true,"href":"https:\/\/portalm1noticias.com.br\/index.php\/wp-json\/wp\/v2\/comments?post=1983"}],"version-history":[{"count":1,"href":"https:\/\/portalm1noticias.com.br\/index.php\/wp-json\/wp\/v2\/posts\/1983\/revisions"}],"predecessor-version":[{"id":1985,"href":"https:\/\/portalm1noticias.com.br\/index.php\/wp-json\/wp\/v2\/posts\/1983\/revisions\/1985"}],"wp:featuredmedia":[{"embeddable":true,"href":"https:\/\/portalm1noticias.com.br\/index.php\/wp-json\/wp\/v2\/media\/1984"}],"wp:attachment":[{"href":"https:\/\/portalm1noticias.com.br\/index.php\/wp-json\/wp\/v2\/media?parent=1983"}],"wp:term":[{"taxonomy":"category","embeddable":true,"href":"https:\/\/portalm1noticias.com.br\/index.php\/wp-json\/wp\/v2\/categories?post=1983"},{"taxonomy":"post_tag","embeddable":true,"href":"https:\/\/portalm1noticias.com.br\/index.php\/wp-json\/wp\/v2\/tags?post=1983"}],"curies":[{"name":"wp","href":"https:\/\/api.w.org\/{rel}","templated":true}]}}