{"id":1710,"date":"2026-04-27T20:16:43","date_gmt":"2026-04-27T20:16:43","guid":{"rendered":"https:\/\/portalm1noticias.com.br\/?p=1710"},"modified":"2026-04-27T20:16:43","modified_gmt":"2026-04-27T20:16:43","slug":"brandao-inaugura-21a-policlinica-do-maranhao-e-entrega-pacote-de-obras-em-pedreiras","status":"publish","type":"post","link":"https:\/\/portalm1noticias.com.br\/index.php\/2026\/04\/27\/brandao-inaugura-21a-policlinica-do-maranhao-e-entrega-pacote-de-obras-em-pedreiras\/","title":{"rendered":"Brand\u00e3o inaugura 21\u00aa Policl\u00ednica do Maranh\u00e3o e entrega pacote de obras em Pedreiras"},"content":{"rendered":"<p><img data-recalc-dims=\"1\" loading=\"lazy\" decoding=\"async\" class=\"alignnone wp-image-1711 size-full\" src=\"https:\/\/i0.wp.com\/portalm1noticias.com.br\/wp-content\/uploads\/2026\/04\/27-0003-768x512-1.jpeg?resize=768%2C512&#038;ssl=1\" alt=\"\" width=\"768\" height=\"512\" srcset=\"https:\/\/i0.wp.com\/portalm1noticias.com.br\/wp-content\/uploads\/2026\/04\/27-0003-768x512-1.jpeg?w=768&amp;ssl=1 768w, https:\/\/i0.wp.com\/portalm1noticias.com.br\/wp-content\/uploads\/2026\/04\/27-0003-768x512-1.jpeg?resize=300%2C200&amp;ssl=1 300w, https:\/\/i0.wp.com\/portalm1noticias.com.br\/wp-content\/uploads\/2026\/04\/27-0003-768x512-1.jpeg?resize=430%2C286&amp;ssl=1 430w\" sizes=\"auto, (max-width: 768px) 100vw, 768px\" \/><\/p>\n<p>O governador Carlos Brand\u00e3o esteve em Pedreiras neste domingo (26), durante as comemora\u00e7\u00f5es pelos 106 anos do munic\u00edpio, para inaugurar a 21\u00aa Policl\u00ednica do Maranh\u00e3o e entregar uma s\u00e9rie de obras e benef\u00edcios nas \u00e1reas da sa\u00fade, educa\u00e7\u00e3o, cidadania, infraestrutura e tecnologia.<\/p>\n<p><img data-recalc-dims=\"1\" loading=\"lazy\" decoding=\"async\" class=\"alignnone wp-image-1712 size-full\" src=\"https:\/\/i0.wp.com\/portalm1noticias.com.br\/wp-content\/uploads\/2026\/04\/27-0004-768x512-1.jpeg?resize=768%2C512&#038;ssl=1\" alt=\"\" width=\"768\" height=\"512\" srcset=\"https:\/\/i0.wp.com\/portalm1noticias.com.br\/wp-content\/uploads\/2026\/04\/27-0004-768x512-1.jpeg?w=768&amp;ssl=1 768w, https:\/\/i0.wp.com\/portalm1noticias.com.br\/wp-content\/uploads\/2026\/04\/27-0004-768x512-1.jpeg?resize=300%2C200&amp;ssl=1 300w, https:\/\/i0.wp.com\/portalm1noticias.com.br\/wp-content\/uploads\/2026\/04\/27-0004-768x512-1.jpeg?resize=430%2C286&amp;ssl=1 430w\" sizes=\"auto, (max-width: 768px) 100vw, 768px\" \/><\/p>\n<p>A nova policl\u00ednica vai ampliar o atendimento especializado para toda a regi\u00e3o do M\u00e9dio-Mearim. A unidade ter\u00e1 capacidade para 1.560 consultas especializadas por m\u00eas, mais de 5 mil atendimentos multiprofissionais e cerca de 8 mil exames de diagn\u00f3stico mensais.<\/p>\n<p><img data-recalc-dims=\"1\" loading=\"lazy\" decoding=\"async\" class=\"alignnone wp-image-1713 size-full\" src=\"https:\/\/i0.wp.com\/portalm1noticias.com.br\/wp-content\/uploads\/2026\/04\/27-0005-768x512-1.jpeg?resize=768%2C512&#038;ssl=1\" alt=\"\" width=\"768\" height=\"512\" srcset=\"https:\/\/i0.wp.com\/portalm1noticias.com.br\/wp-content\/uploads\/2026\/04\/27-0005-768x512-1.jpeg?w=768&amp;ssl=1 768w, https:\/\/i0.wp.com\/portalm1noticias.com.br\/wp-content\/uploads\/2026\/04\/27-0005-768x512-1.jpeg?resize=300%2C200&amp;ssl=1 300w, https:\/\/i0.wp.com\/portalm1noticias.com.br\/wp-content\/uploads\/2026\/04\/27-0005-768x512-1.jpeg?resize=430%2C286&amp;ssl=1 430w\" sizes=\"auto, (max-width: 768px) 100vw, 768px\" \/><\/p>\n<p>Brand\u00e3o destacou que os investimentos refor\u00e7am o compromisso do governo com a\u00e7\u00f5es concretas que melhoram a vida da popula\u00e7\u00e3o.\u201cEssa \u00e9 uma agenda municipalista, comemorando os 106 anos de Pedreiras. Essa policl\u00ednica \u00e9 um equipamento que vai ajudar toda a regi\u00e3o. Entregamos tablets para estudantes e agentes de sa\u00fade, ve\u00edculos e muito mais. Trabalhamos ouvindo as pessoas, sempre em parceria com as prefeituras\u201d, finalizou.<\/p>\n<p><img data-recalc-dims=\"1\" loading=\"lazy\" decoding=\"async\" class=\"alignnone wp-image-1715 size-full\" src=\"https:\/\/i0.wp.com\/portalm1noticias.com.br\/wp-content\/uploads\/2026\/04\/27-0006-768x512-1.jpeg?resize=768%2C512&#038;ssl=1\" alt=\"\" width=\"768\" height=\"512\" srcset=\"https:\/\/i0.wp.com\/portalm1noticias.com.br\/wp-content\/uploads\/2026\/04\/27-0006-768x512-1.jpeg?w=768&amp;ssl=1 768w, https:\/\/i0.wp.com\/portalm1noticias.com.br\/wp-content\/uploads\/2026\/04\/27-0006-768x512-1.jpeg?resize=300%2C200&amp;ssl=1 300w, https:\/\/i0.wp.com\/portalm1noticias.com.br\/wp-content\/uploads\/2026\/04\/27-0006-768x512-1.jpeg?resize=430%2C286&amp;ssl=1 430w\" sizes=\"auto, (max-width: 768px) 100vw, 768px\" \/><\/p>\n<p>Al\u00e9m da policl\u00ednica, foram entregues mais de 4 mil tablets para alunos do ensino m\u00e9dio de Pedreiras e regi\u00e3o, tablets e fardamento para agentes comunit\u00e1rios de sa\u00fade, sistemas de abastecimento de \u00e1gua nos povoados Angical I, Pau d\u2019Arco, Tira Leite e Marian\u00f3polis, nova unidade do Viva\/Procon, Esta\u00e7\u00e3o Tech, Ciretran reformada e a Ponte Mista Ant\u00f4nio Eug\u00eanio dos Santos, que liga Pedreiras a Lima Campos. O governador tamb\u00e9m autorizou a reforma da delegacia e do quartel da Pol\u00edcia Militar no munic\u00edpio.<\/p>\n<p>A prefeita Vanessa Maia ressaltou a import\u00e2ncia da parceria entre Estado e munic\u00edpio para garantir novos avan\u00e7os \u00e0 cidade. \u201c\u00c9 sempre uma grande alegria trazer o nosso governador. Sempre que ele vem \u00e9 trazendo \u00f3timas not\u00edcias para Pedreiras. S\u00e3o 106 anos comemorando com a entrega de v\u00e1rios benef\u00edcios. Tenho certeza que a popula\u00e7\u00e3o est\u00e1 muito feliz com o dia de hoje\u201d, ressaltou Vanessa.<\/p>\n<p>Fl\u00e1vio Castro, diretor-geral da Policl\u00ednica de Pedreiras, explica sobre o impacto do novo equipamento para a sa\u00fade da regi\u00e3o. \u201cMais uma obra impactante para Pedreiras e regi\u00e3o. Ser\u00e3o atendidos em torno de 8 mil a 10 mil pacientes por m\u00eas. \u00c9 um servi\u00e7o especializado, onde a popula\u00e7\u00e3o ser\u00e1 muito beneficiada, pois s\u00e3o servi\u00e7os que n\u00e3o eram ofertados nem mesmo na rede particular. Cerca de 250 mil habitantes da regi\u00e3o ter\u00e3o servi\u00e7os de radiologia, reumatologia, ultrassom, Raios-X, exames laboratoriais\u201d, ressaltou Vanessa.<\/p>\n<p>Moradores comemoraram as entregas realizadas no anivers\u00e1rio de Pedreiras e os benef\u00edcios levados ao munic\u00edpio. A estudante Anne Carolyne Silva, do Iema Pleno de Pedreiras, falou dos avan\u00e7os para a educa\u00e7\u00e3o. \u201cEm nome de todos os estudantes do Iema, agrade\u00e7o ao governador pelo compromisso com a educa\u00e7\u00e3o maranhense e pela entrega dos tablets. Recebemos essa iniciativa com muito carinho e gratid\u00e3o\u201d, agradeceu Anne Carolyne.<\/p>\n","protected":false},"excerpt":{"rendered":"<p>O governador Carlos Brand\u00e3o esteve em Pedreiras neste domingo (26), durante as comemora\u00e7\u00f5es pelos 106 anos do munic\u00edpio, para inaugurar&#8230; [ <a class=\"read-more\" href=\"https:\/\/portalm1noticias.com.br\/index.php\/2026\/04\/27\/brandao-inaugura-21a-policlinica-do-maranhao-e-entrega-pacote-de-obras-em-pedreiras\/\">&#8230;<\/a> ] <\/p>\n","protected":false},"author":1,"featured_media":1714,"comment_status":"open","ping_status":"open","sticky":false,"template":"","format":"standard","meta":{"_tp_tag":"","advanced_seo_description":"","jetpack_seo_html_title":"","jetpack_seo_noindex":false,"jetpack_post_was_ever_published":false,"_jetpack_newsletter_access":"","_jetpack_dont_email_post_to_subs":false,"_jetpack_newsletter_tier_id":0,"_jetpack_memberships_contains_paywalled_content":false,"_jetpack_memberships_contains_paid_content":false,"footnotes":""},"categories":[1],"tags":[],"class_list":["post-1710","post","type-post","status-publish","format-standard","has-post-thumbnail","hentry","category-geral"],"jetpack_featured_media_url":"https:\/\/i0.wp.com\/portalm1noticias.com.br\/wp-content\/uploads\/2026\/04\/27-0003-768x512-2.jpeg?fit=768%2C512&ssl=1","jetpack-related-posts":[],"jetpack_sharing_enabled":true,"jetpack_shortlink":"https:\/\/wp.me\/pf4mtm-rA","_links":{"self":[{"href":"https:\/\/portalm1noticias.com.br\/index.php\/wp-json\/wp\/v2\/posts\/1710","targetHints":{"allow":["GET"]}}],"collection":[{"href":"https:\/\/portalm1noticias.com.br\/index.php\/wp-json\/wp\/v2\/posts"}],"about":[{"href":"https:\/\/portalm1noticias.com.br\/index.php\/wp-json\/wp\/v2\/types\/post"}],"author":[{"embeddable":true,"href":"https:\/\/portalm1noticias.com.br\/index.php\/wp-json\/wp\/v2\/users\/1"}],"replies":[{"embeddable":true,"href":"https:\/\/portalm1noticias.com.br\/index.php\/wp-json\/wp\/v2\/comments?post=1710"}],"version-history":[{"count":1,"href":"https:\/\/portalm1noticias.com.br\/index.php\/wp-json\/wp\/v2\/posts\/1710\/revisions"}],"predecessor-version":[{"id":1716,"href":"https:\/\/portalm1noticias.com.br\/index.php\/wp-json\/wp\/v2\/posts\/1710\/revisions\/1716"}],"wp:featuredmedia":[{"embeddable":true,"href":"https:\/\/portalm1noticias.com.br\/index.php\/wp-json\/wp\/v2\/media\/1714"}],"wp:attachment":[{"href":"https:\/\/portalm1noticias.com.br\/index.php\/wp-json\/wp\/v2\/media?parent=1710"}],"wp:term":[{"taxonomy":"category","embeddable":true,"href":"https:\/\/portalm1noticias.com.br\/index.php\/wp-json\/wp\/v2\/categories?post=1710"},{"taxonomy":"post_tag","embeddable":true,"href":"https:\/\/portalm1noticias.com.br\/index.php\/wp-json\/wp\/v2\/tags?post=1710"}],"curies":[{"name":"wp","href":"https:\/\/api.w.org\/{rel}","templated":true}]}}